{"id":23181,"date":"2026-04-30T18:28:44","date_gmt":"2026-04-30T21:28:44","guid":{"rendered":"https:\/\/cipe.org.br\/novo\/?p=23181"},"modified":"2026-04-30T18:28:44","modified_gmt":"2026-04-30T21:28:44","slug":"cipe-em-foco-programa-do-sus-une-equipe-multiprofissional-e-cirurgia-robotica-com-exito","status":"publish","type":"post","link":"https:\/\/cipe.org.br\/novo\/cipe-em-foco-programa-do-sus-une-equipe-multiprofissional-e-cirurgia-robotica-com-exito\/","title":{"rendered":"CIPE em FOCO: Programa do SUS une equipe multiprofissional e cirurgia rob\u00f3tica com \u00eaxito."},"content":{"rendered":"<p>Um programa desenvolvido no SUS ganhou destaque na imprensa pelo impacto no atendimento cir\u00fargico pedi\u00e1trico multiprofissional.<\/p>\n<p>A reportagem da Record apresentou o trabalho realizado pelo Programa de Manejo de C\u00f3lon do HCRP-USP, iniciativa voltada ao cuidado de crian\u00e7as com doen\u00e7as colorretais complexas e que re\u00fane assist\u00eancia especializada, abordagem multiprofissional e inova\u00e7\u00e3o em cirurgia pedi\u00e1trica.<\/p>\n<p>Entre os avan\u00e7os destacados est\u00e1 a utiliza\u00e7\u00e3o da cirurgia rob\u00f3tica no manejo de c\u00f3lon, ampliando possibilidades terap\u00eauticas em casos de alta complexidade e refor\u00e7ando a import\u00e2ncia da integra\u00e7\u00e3o entre tecnologia, forma\u00e7\u00e3o m\u00e9dica e cuidado integral.<\/p>\n<p><iframe loading=\"lazy\" title=\"CIPE em FOCO: Programa do SUS une equipe multiprofissional e cirurgia rob\u00f3tica com \u00eaxito.\" width=\"1220\" height=\"686\" src=\"https:\/\/www.youtube.com\/embed\/hAAWdi0hOv4?feature=oembed\" frameborder=\"0\" allow=\"accelerometer; autoplay; clipboard-write; encrypted-media; gyroscope; picture-in-picture; web-share\" referrerpolicy=\"strict-origin-when-cross-origin\" allowfullscreen><\/iframe><\/p>\n<p>&nbsp;<\/p>\n<p>Para a CIPE, iniciativas como essa evidenciam a for\u00e7a da Cirurgia Pedi\u00e1trica brasileira e o papel dos servi\u00e7os especializados na constru\u00e7\u00e3o de uma assist\u00eancia cada vez mais qualificada para crian\u00e7as e fam\u00edlias.<\/p>\n<p>Conhe\u00e7a e acompanhe o trabalho em\u00a0<a class=\"x1i10hfl xjbqb8w x1ejq31n x18oe1m7 x1sy0etr xstzfhl x972fbf x10w94by x1qhh985 x14e42zd x9f619 x1ypdohk xt0psk2 x3ct3a4 xdj266r x14z9mp xat24cr x1lziwak xexx8yu xyri2b x18d9i69 x1c1uobl x16tdsg8 x1hl2dhg xggy1nq x1a2a7pz notranslate _a6hd\" tabindex=\"0\" role=\"link\" href=\"https:\/\/www.instagram.com\/manejodecolon_hcrp\/\">@manejodecolon_hcrp<\/a><\/p>\n<p>\ud83e\ude7a Nova diretoria e equipe CIPE<br \/>\nDesenvolvimento e Reintegra\u00e7\u00e3o<\/p>\n","protected":false},"excerpt":{"rendered":"<p>Um programa desenvolvido no SUS ganhou destaque na imprensa pelo impacto no atendimento cir\u00fargico pedi\u00e1trico multiprofissional. A reportagem da Record apresentou o trabalho realizado pelo Programa<span class=\"excerpt-hellip\"> [\u2026]<\/span><\/p>\n","protected":false},"author":1,"featured_media":23183,"comment_status":"closed","ping_status":"open","sticky":false,"template":"","format":"standard","meta":{"footnotes":""},"categories":[76],"tags":[],"_links":{"self":[{"href":"https:\/\/cipe.org.br\/novo\/wp-json\/wp\/v2\/posts\/23181"}],"collection":[{"href":"https:\/\/cipe.org.br\/novo\/wp-json\/wp\/v2\/posts"}],"about":[{"href":"https:\/\/cipe.org.br\/novo\/wp-json\/wp\/v2\/types\/post"}],"author":[{"embeddable":true,"href":"https:\/\/cipe.org.br\/novo\/wp-json\/wp\/v2\/users\/1"}],"replies":[{"embeddable":true,"href":"https:\/\/cipe.org.br\/novo\/wp-json\/wp\/v2\/comments?post=23181"}],"version-history":[{"count":2,"href":"https:\/\/cipe.org.br\/novo\/wp-json\/wp\/v2\/posts\/23181\/revisions"}],"predecessor-version":[{"id":23184,"href":"https:\/\/cipe.org.br\/novo\/wp-json\/wp\/v2\/posts\/23181\/revisions\/23184"}],"wp:featuredmedia":[{"embeddable":true,"href":"https:\/\/cipe.org.br\/novo\/wp-json\/wp\/v2\/media\/23183"}],"wp:attachment":[{"href":"https:\/\/cipe.org.br\/novo\/wp-json\/wp\/v2\/media?parent=23181"}],"wp:term":[{"taxonomy":"category","embeddable":true,"href":"https:\/\/cipe.org.br\/novo\/wp-json\/wp\/v2\/categories?post=23181"},{"taxonomy":"post_tag","embeddable":true,"href":"https:\/\/cipe.org.br\/novo\/wp-json\/wp\/v2\/tags?post=23181"}],"curies":[{"name":"wp","href":"https:\/\/api.w.org\/{rel}","templated":true}]}}