{"id":23151,"date":"2026-04-23T16:05:17","date_gmt":"2026-04-23T19:05:17","guid":{"rendered":"https:\/\/cipe.org.br\/novo\/?p=23151"},"modified":"2026-04-23T16:06:23","modified_gmt":"2026-04-23T19:06:23","slug":"reuniao-cientifica-necrose-pulmonar-aspectos-clinicos-e-cirurgicos-assista-na-integra","status":"publish","type":"post","link":"https:\/\/cipe.org.br\/novo\/reuniao-cientifica-necrose-pulmonar-aspectos-clinicos-e-cirurgicos-assista-na-integra\/","title":{"rendered":"Mesa redonda online: Necrose pulmonar \u2013 aspectos cl\u00ednicos e cir\u00fargicos. Assista na \u00edntegra."},"content":{"rendered":"<p><iframe loading=\"lazy\" title=\"NECROSE PULMONAR: ASPECTOS CL\u00cdNICOS E CIR\u00daRGICOS | Mesa Redonda Online\" width=\"1220\" height=\"686\" src=\"https:\/\/www.youtube.com\/embed\/P_tj71ihDdE?start=130&#038;feature=oembed\" frameborder=\"0\" allow=\"accelerometer; autoplay; clipboard-write; encrypted-media; gyroscope; picture-in-picture; web-share\" referrerpolicy=\"strict-origin-when-cross-origin\" allowfullscreen><\/iframe><\/p>\n<p><strong>Evento in\u00e9dito do Programa de Educa\u00e7\u00e3o Continuada Online da CIPE<\/strong><br \/>\n<strong>Mesa redonda online realizada no dia 17\/06\/2025<\/strong><\/p>\n<p><strong>Tema: Necrose pulmonar: aspectos cl\u00ednicos e cir\u00fargicos<\/strong><\/p>\n<p><strong>Organiza\u00e7\u00e3o:<\/strong><br \/>\nComiss\u00e3o de T\u00f3rax da CIPE<\/p>\n<p><strong>Convidados:<\/strong><br \/>\n<strong>Dr. Gilson Nagel Sawaya<\/strong><br \/>\nMembro titular da CIPE; respons\u00e1vel pela cirurgia tor\u00e1cica e via a\u00e9rea pedi\u00e1trica \u2013 PUC Campinas; introdutor da t\u00e9cnica de Nuss no Brasil; atua\u00e7\u00e3o em endoscopia da via a\u00e9rea pedi\u00e1trica \u2013 Americana e PUC<br \/>\n<strong>Dr. Vitor Costa Palazzo<\/strong><br \/>\nPediatra no Hospital Pequeno Pr\u00edncipe; coordenador da resid\u00eancia em Cl\u00ednica Pedi\u00e1trica, preceptor e supervisor do Internato de Pediatria das Faculdades Pequeno Pr\u00edncipe.<br \/>\n<strong>Dr. Maur\u00edcio Macedo<\/strong><br \/>\nDiretor do Servi\u00e7o de Cirurgia Pedi\u00e1trica do Hospital Infantil Darcy Vargas, cirurgi\u00e3o pedi\u00e1trico referenciado do Hospital Israelita Albert Einstein<\/p>\n<p>.<\/p>\n<p>Assista \u00e0s outras reuni\u00f5es dispon\u00edveis no nosso canal oficial do\u00a0<a href=\"https:\/\/youtube.com\/@cipecirurgiapediatrica?si=oA_WGkrQ66ub2GOd\"><strong>YouTube<\/strong><\/a>\u00a0e acompanhe nosso perfil no<strong>\u00a0<a href=\"https:\/\/www.instagram.com\/cipecirurgiapediatrica\/\">Instagram<\/a>.<\/strong><\/p>\n","protected":false},"excerpt":{"rendered":"<p>Evento in\u00e9dito do Programa de Educa\u00e7\u00e3o Continuada Online da CIPE Mesa redonda online realizada no dia 17\/06\/2025 Tema: Necrose pulmonar: aspectos cl\u00ednicos e cir\u00fargicos Organiza\u00e7\u00e3o: Comiss\u00e3o<span class=\"excerpt-hellip\"> [\u2026]<\/span><\/p>\n","protected":false},"author":1,"featured_media":23152,"comment_status":"closed","ping_status":"open","sticky":false,"template":"","format":"standard","meta":{"footnotes":""},"categories":[85],"tags":[],"_links":{"self":[{"href":"https:\/\/cipe.org.br\/novo\/wp-json\/wp\/v2\/posts\/23151"}],"collection":[{"href":"https:\/\/cipe.org.br\/novo\/wp-json\/wp\/v2\/posts"}],"about":[{"href":"https:\/\/cipe.org.br\/novo\/wp-json\/wp\/v2\/types\/post"}],"author":[{"embeddable":true,"href":"https:\/\/cipe.org.br\/novo\/wp-json\/wp\/v2\/users\/1"}],"replies":[{"embeddable":true,"href":"https:\/\/cipe.org.br\/novo\/wp-json\/wp\/v2\/comments?post=23151"}],"version-history":[{"count":2,"href":"https:\/\/cipe.org.br\/novo\/wp-json\/wp\/v2\/posts\/23151\/revisions"}],"predecessor-version":[{"id":23154,"href":"https:\/\/cipe.org.br\/novo\/wp-json\/wp\/v2\/posts\/23151\/revisions\/23154"}],"wp:featuredmedia":[{"embeddable":true,"href":"https:\/\/cipe.org.br\/novo\/wp-json\/wp\/v2\/media\/23152"}],"wp:attachment":[{"href":"https:\/\/cipe.org.br\/novo\/wp-json\/wp\/v2\/media?parent=23151"}],"wp:term":[{"taxonomy":"category","embeddable":true,"href":"https:\/\/cipe.org.br\/novo\/wp-json\/wp\/v2\/categories?post=23151"},{"taxonomy":"post_tag","embeddable":true,"href":"https:\/\/cipe.org.br\/novo\/wp-json\/wp\/v2\/tags?post=23151"}],"curies":[{"name":"wp","href":"https:\/\/api.w.org\/{rel}","templated":true}]}}