{"id":19662,"date":"2023-03-08T07:45:28","date_gmt":"2023-03-08T10:45:28","guid":{"rendered":"https:\/\/cipe.org.br\/novo\/?p=19662"},"modified":"2023-03-08T07:45:28","modified_gmt":"2023-03-08T10:45:28","slug":"cfm-seleciona-artigos-cientificos-sobre-doencas-raras","status":"publish","type":"post","link":"https:\/\/cipe.org.br\/novo\/cfm-seleciona-artigos-cientificos-sobre-doencas-raras\/","title":{"rendered":"CFM seleciona artigos cient\u00edficos sobre doen\u00e7as raras"},"content":{"rendered":"<p>fonte: CFM<\/p>\n<p>A pr\u00f3xima edi\u00e7\u00e3o do F\u00f3rum de Doen\u00e7as Raras do Conselho Federal de Medicina (CFM), confirmado para abril, ter\u00e1 um concurso de artigos cient\u00edficos. Ser\u00e3o aceitos trabalhos in\u00e9ditos com temas que abordem os aspectos diagn\u00f3sticos, linhas de cuidados, normativas e aspectos \u00e9ticos em doen\u00e7as raras por defini\u00e7\u00e3o da Organiza\u00e7\u00e3o Mundial de Sa\u00fade (OMS).<\/p>\n<p><a href=\"https:\/\/portal.cfm.org.br\/wp-content\/uploads\/2023\/02\/Regulamento-para-o-Concurso-de-Trabalhos.-V-Forum-de-Doencas-Raras-CFM-Versao-2.pdf\">ACESSE AQUI O REGULAMENTO<\/a>.<\/p>\n<p>Os pedidos de inscri\u00e7\u00f5es poder\u00e3o ser enviados at\u00e9 24 de mar\u00e7o para o e-mail rarosequeridos@portalmedico.org.br. O regulamento do concurso conta com duas categorias: estudante e\u00a0 profissional. O artigo dever\u00e1 ser enviado nos formatos PDF e Word e poder\u00e1 ter at\u00e9 tr\u00eas autores.<\/p>\n<p>Ser\u00e3o escolhidos os dez melhores artigos, que ser\u00e3o publicados em livro digital institucional. Durante o V F\u00f3rum de Doen\u00e7as Raras, os resumos dos artigos e os nomes dos autores ser\u00e3o mencionados e ser\u00e1 encaminhado, por correio eletr\u00f4nico, certificados de Honra ao M\u00e9rito.<\/p>\n<p>A sele\u00e7\u00e3o dos melhores textos ser\u00e1 feita por Comiss\u00e3o Avaliadora,\u00a0composta por tr\u00eas membros da C\u00e2mara T\u00e9cnica de Doen\u00e7as Raras do\u00a0CFM, que levar\u00e1 em conta crit\u00e9rios como a exist\u00eancia de pl\u00e1gio, os\u00a0aspectos metodol\u00f3gicos, a delimita\u00e7\u00e3o do objeto e objetivos dos\u00a0artigos, a linguagem adotada, entre outros.<\/p>\n<p>\u201cNossas palavras de ordem devem ser empatia e compaix\u00e3o, para que\u00a0a gente possa fazer algo em prol das pessoas com doen\u00e7as raras.\u00a0Queremos valorizar e publicizar trabalhos que ressaltem essa tem\u00e1tica\u201d, pontua a coordenadora CT do CFM, pediatra e patologista\u00a0cl\u00ednica, Natasha Slhessarenko.<\/p>\n<p>O resultado do concurso ser\u00e1 divulgado no site do CFM no dia 4 de\u00a0abril, \u00e0s 18 horas.<\/p>\n<p><strong>Concurso de Trabalhos Raros e Queridos<\/strong><\/p>\n<p>Data de inscri\u00e7\u00e3o: de 28 de fevereiro a 24 de mar\u00e7o de 2023<\/p>\n<p>E-mail para inscri\u00e7\u00e3o: rarosequeridos@portalmedico.org.br<\/p>\n<p>Regulamento:\u00a0<a href=\"https:\/\/portal.cfm.org.br\/wp-content\/uploads\/2023\/02\/Regulamento-para-o-Concurso-de-Trabalhos.-V-Forum-de-Doencas-Raras-CFM-Versao-2.pdf\"><strong>clique aqui<\/strong><\/a><\/p>\n<p>Resultado: 4 de abril \u00e0s 18 horas<\/p>\n<p><strong>V F\u00f3rum de Doen\u00e7as Raras do Conselho Federal de Medicina<\/strong><\/p>\n<p>Data: 14 de abril<\/p>\n<p>Hor\u00e1rio: 9h \u00e0s 16h30<\/p>\n<p>Local: On-line (Zoom e YouTube)<\/p>\n<p>Inscri\u00e7\u00f5es: a partir do dia 14 de mar\u00e7o, em\u00a0<a href=\"https:\/\/portal.cfm.org.br\/\">portal.cfm.org.br<\/a><\/p>\n","protected":false},"excerpt":{"rendered":"<p>fonte: CFM A pr\u00f3xima edi\u00e7\u00e3o do F\u00f3rum de Doen\u00e7as Raras do Conselho Federal de Medicina (CFM), confirmado para abril, ter\u00e1 um concurso de artigos cient\u00edficos. Ser\u00e3o<span class=\"excerpt-hellip\"> [\u2026]<\/span><\/p>\n","protected":false},"author":1,"featured_media":19664,"comment_status":"closed","ping_status":"open","sticky":false,"template":"","format":"standard","meta":{"footnotes":""},"categories":[76],"tags":[],"_links":{"self":[{"href":"https:\/\/cipe.org.br\/novo\/wp-json\/wp\/v2\/posts\/19662"}],"collection":[{"href":"https:\/\/cipe.org.br\/novo\/wp-json\/wp\/v2\/posts"}],"about":[{"href":"https:\/\/cipe.org.br\/novo\/wp-json\/wp\/v2\/types\/post"}],"author":[{"embeddable":true,"href":"https:\/\/cipe.org.br\/novo\/wp-json\/wp\/v2\/users\/1"}],"replies":[{"embeddable":true,"href":"https:\/\/cipe.org.br\/novo\/wp-json\/wp\/v2\/comments?post=19662"}],"version-history":[{"count":1,"href":"https:\/\/cipe.org.br\/novo\/wp-json\/wp\/v2\/posts\/19662\/revisions"}],"predecessor-version":[{"id":19665,"href":"https:\/\/cipe.org.br\/novo\/wp-json\/wp\/v2\/posts\/19662\/revisions\/19665"}],"wp:featuredmedia":[{"embeddable":true,"href":"https:\/\/cipe.org.br\/novo\/wp-json\/wp\/v2\/media\/19664"}],"wp:attachment":[{"href":"https:\/\/cipe.org.br\/novo\/wp-json\/wp\/v2\/media?parent=19662"}],"wp:term":[{"taxonomy":"category","embeddable":true,"href":"https:\/\/cipe.org.br\/novo\/wp-json\/wp\/v2\/categories?post=19662"},{"taxonomy":"post_tag","embeddable":true,"href":"https:\/\/cipe.org.br\/novo\/wp-json\/wp\/v2\/tags?post=19662"}],"curies":[{"name":"wp","href":"https:\/\/api.w.org\/{rel}","templated":true}]}}