{"id":17778,"date":"2022-01-09T15:51:36","date_gmt":"2022-01-09T18:51:36","guid":{"rendered":"https:\/\/cipe.org.br\/novo\/?p=17778"},"modified":"2022-01-17T15:54:02","modified_gmt":"2022-01-17T18:54:02","slug":"ministerio-da-saude-publica-primeiro-edital-do-medicos-pelo-brasil","status":"publish","type":"post","link":"https:\/\/cipe.org.br\/novo\/ministerio-da-saude-publica-primeiro-edital-do-medicos-pelo-brasil\/","title":{"rendered":"Minist\u00e9rio da Sa\u00fade publica primeiro edital do M\u00e9dicos pelo Brasil"},"content":{"rendered":"<p>fonte: Minist\u00e9rio da Sa\u00fade<\/p>\n<p>Minist\u00e9rio da Sa\u00fade, por meio da Ag\u00eancia de Desenvolvimento da Aten\u00e7\u00e3o Prim\u00e1ria \u00e0 Sa\u00fade (Adaps), publicou nesta sexta-feira (31) o\u00a0<a href=\"https:\/\/aps.saude.gov.br\/noticia\/14516\">primeiro edital<\/a>\u00a0do M\u00e9dicos pelo Brasil de sele\u00e7\u00e3o de profissionais para trabalhar no programa &#8211; que substituir\u00e1 gradativamente o Mais M\u00e9dicos no Pa\u00eds. At\u00e9 4.057 m\u00e9dicos bolsistas, al\u00e9m de 595 tutores m\u00e9dicos, poder\u00e3o trabalhar nas regi\u00f5es que mais precisam de profissionais. A banca examinadora da prova ser\u00e1 o Instituto Brasileiro de Forma\u00e7\u00e3o e Capacita\u00e7\u00e3o (IBFC).<\/p>\n<p>\u201cComo prometido, estamos encerrando o ano com o edital publicado, para que em 2022 a popula\u00e7\u00e3o j\u00e1 possa contar com o servi\u00e7o desses profissionais, especialmente nos munic\u00edpios mais vulner\u00e1veis\u201d, destaca o presidente do Conselho Deliberativo da Adaps, Raphael C\u00e2mara, que tamb\u00e9m \u00e9 secret\u00e1rio de Aten\u00e7\u00e3o Prim\u00e1ria do Minist\u00e9rio da Sa\u00fade. \u201cAl\u00e9m das condi\u00e7\u00f5es de trabalho serem mais atrativas, o processo vai selecionar m\u00e9dicos mais capacitados para a Aten\u00e7\u00e3o Prim\u00e1ria. Essa iniciativa foi um compromisso do presidente Bolsonaro para trazer mais dignidade para a atua\u00e7\u00e3o dos m\u00e9dicos\u201d, lembra.<\/p>\n<p>A prioridade do M\u00e9dicos pelo Brasil \u00e9 atender regi\u00f5es vulner\u00e1veis, remotas e de dif\u00edcil provimento, e todos os m\u00e9dicos aprovados no processo seletivo v\u00e3o contar com uma especializa\u00e7\u00e3o em medicina da fam\u00edlia e comunidade, para oferecer um atendimento de mais qualidade para a popula\u00e7\u00e3o.<\/p>\n<p>O Minist\u00e9rio da Sa\u00fade havia realizado o chamamento p\u00fablico dos munic\u00edpios e DSEIs eleg\u00edveis (5.233 no total) no dia 15 de dezembro, e os gestores tiveram at\u00e9 o dia 21 para manifestar interesse, por meio da plataforma e-Gestor. Posteriormente, at\u00e9 o dia 27, os gestores confirmaram a ades\u00e3o e tamb\u00e9m puderam indicar a quantidade de vagas que gostariam de ocupar em 2022, observando o quantitativo m\u00e1ximo para cada um deles. No total, o M\u00e9dicos pelo Brasil disponibilizou at\u00e9 5 mil vagas para todo Brasil.<\/p>\n<p><strong>Como vai funcionar<\/strong><\/p>\n<p>Para os candidatos a tutores m\u00e9dicos, a carga hor\u00e1ria semanal \u00e9 de 40 horas, distribu\u00eddas entre atividades assistenciais e de ensino e servi\u00e7o, e o sal\u00e1rio base \u00e9 de R$ 12,6 mil, sendo a remunera\u00e7\u00e3o ampliada por benef\u00edcios. Os profissionais v\u00e3o contar com todos os benef\u00edcios sociais e trabalhistas da Consolida\u00e7\u00e3o das Leis do Trabalho (CLT), bem como incentivos financeiros e n\u00e3o financeiros previstos no Plano de Cargos, Carreira e Sal\u00e1rios da Adaps, aprovado nos termos da Resolu\u00e7\u00e3o N\u00ba 6 do Conselho Deliberativo, de 20 de dezembro de 2021.<\/p>\n<p>Entre eles, est\u00e3o o incentivo de ensino e servi\u00e7o (para contribuir com a forma\u00e7\u00e3o dos m\u00e9dicos do est\u00e1gio experimental remunerado), que pode chegar a R$ 1,4 mil al\u00e9m do incentivo de desempenho, que resulta em adicional de 11% a 25% sobre o sal\u00e1rio base. Al\u00e9m desses benef\u00edcios, os m\u00e9dicos que optarem pela atua\u00e7\u00e3o em localidades remotas ou DSEI, poder\u00e3o ganhar incentivo de R$ 3 mil ou R$ 6 mil. Dessa forma, os profissionais podem ter o sal\u00e1rio acrescido em at\u00e9 R$ 9,8 mil.<\/p>\n<p>J\u00e1 os m\u00e9dicos que concorrer\u00e3o para o ingresso no est\u00e1gio experimental remunerado (m\u00e9dicos bolsistas que cumprir\u00e3o a etapa preliminar \u00e0 efetiva\u00e7\u00e3o como m\u00e9dico de fam\u00edlia e comunidade), receber\u00e3o bolsa forma\u00e7\u00e3o para atuarem nas atividades assistenciais e se aperfei\u00e7oarem para o atendimento na Sa\u00fade da Fam\u00edlia (40 horas assistenciais e 20 horas formativas). A remunera\u00e7\u00e3o \u00e9 de R$ 12 mil podendo ser acrescida dos incentivos para atua\u00e7\u00e3o em localidades remotas ou DSEI (R$ 3 mil ou R$ 6 mil) e outros a serem pactuados com gestores do SUS.<\/p>\n<p>Podem participar m\u00e9dicos que estejam devidamente registrados junto ao Conselho Regional de Medicina (CRM). No caso dos candidatos a tutores m\u00e9dicos, tamb\u00e9m dever\u00e1 ser apresentado um certificado de conclus\u00e3o de resid\u00eancia em medicina de fam\u00edlia e comunidade ou cl\u00ednica m\u00e9dica ou t\u00edtulo de especialista em medicina de fam\u00edlia e comunidade ou em cl\u00ednica m\u00e9dica, emitidos pela Associa\u00e7\u00e3o M\u00e9dica Brasileira (AMB).<\/p>\n<p>As inscri\u00e7\u00f5es come\u00e7am \u00e0s 10h do dia 10 de janeiro, e v\u00e3o at\u00e9 \u00e0s 23h de 6 de fevereiro, no hor\u00e1rio de Bras\u00edlia.<\/p>\n<p><strong>Passo a passo<\/strong><\/p>\n<p>No ato da inscri\u00e7\u00e3o, o candidato dever\u00e1 optar pelo cargo, UF\/macrorregi\u00e3o e at\u00e9 tr\u00eas munic\u00edpios de lota\u00e7\u00e3o (por ordem de prefer\u00eancia) integrantes da macrorregi\u00e3o a que vai concorrer. O valor da inscri\u00e7\u00e3o ser\u00e1 de R$ 53, e o boleto dever\u00e1 estar pago at\u00e9 o dia 7 de fevereiro. Os candidatos que precisarem de isen\u00e7\u00e3o, dever\u00e3o solicit\u00e1-la entre os dias 10 e 12 de janeiro \u00e0s 23h. Para pessoas com defici\u00eancia, \u00e9 destinado 5% das vagas.<\/p>\n<p>As provas objetivas ser\u00e3o realizadas em todas as capitais do Pa\u00eds no dia 6 de mar\u00e7o, com dura\u00e7\u00e3o de 4 horas (as provas para tutores ser\u00e3o pela manh\u00e3, e para os m\u00e9dicos, \u00e0 tarde). A consulta do local de prova poder\u00e1 ser feita no site do IBFC a partir de 28 de fevereiro. Ser\u00e3o avaliados conhecimentos de L\u00edngua Portuguesa, conhecimentos do SUS e conhecimentos espec\u00edficos, em 50 quest\u00f5es que valem 100 pontos.<\/p>\n<p>Para o cargo de tutor, al\u00e9m da prova objetiva, \u00e9 necess\u00e1ria a prova de t\u00edtulos. Os documentos dever\u00e3o ser encaminhados on-line, via link espec\u00edfico a ser divulgado pelo IBFC, na aba \u201cEditais e Publica\u00e7\u00f5es Oficiais\u201d, de 7 de fevereiro at\u00e9 as 17h do dia 9. A experi\u00eancia profissional vale at\u00e9 5 pontos, e a de t\u00edtulos acad\u00eamicos, tamb\u00e9m at\u00e9 5 pontos.<\/p>\n<p>Para mais informa\u00e7\u00f5es:\u00a0<a href=\"https:\/\/www.ibfc.org.br\/concurso\/concurso_selecionado\/383\">https:\/\/www.ibfc.org.br\/concurso\/concurso_selecionado\/383<\/a><\/p>\n<p><strong>O programa<\/strong><\/p>\n<p>O M\u00e9dicos pelo Brasil foi lan\u00e7ado em 2019 com o objetivo de estruturar a carreira m\u00e9dica federal para locais com dificuldade de provimento e alta vulnerabilidade. Conforme a Lei n\u00ba 13.958, a execu\u00e7\u00e3o do novo programa ser\u00e1 realizada por meio da Adaps. A ag\u00eancia foi institu\u00edda pelo Decreto n\u00ba 10.283, em mar\u00e7o de 2020, e ela pode firmar contratos, conv\u00eanios, acordos, ajustes e outras ferramentas de gest\u00e3o com \u00f3rg\u00e3os e entidades p\u00fablicas e privadas. A principal finalidade da Adaps \u00e9 levar m\u00e9dicos para a Aten\u00e7\u00e3o Prim\u00e1ria, organizar e qualificar o fluxo de assist\u00eancia.<\/p>\n","protected":false},"excerpt":{"rendered":"<p>fonte: Minist\u00e9rio da Sa\u00fade Minist\u00e9rio da Sa\u00fade, por meio da Ag\u00eancia de Desenvolvimento da Aten\u00e7\u00e3o Prim\u00e1ria \u00e0 Sa\u00fade (Adaps), publicou nesta sexta-feira (31) o\u00a0primeiro edital\u00a0do M\u00e9dicos<span class=\"excerpt-hellip\"> [\u2026]<\/span><\/p>\n","protected":false},"author":1,"featured_media":17780,"comment_status":"closed","ping_status":"open","sticky":false,"template":"","format":"standard","meta":{"footnotes":""},"categories":[76],"tags":[],"_links":{"self":[{"href":"https:\/\/cipe.org.br\/novo\/wp-json\/wp\/v2\/posts\/17778"}],"collection":[{"href":"https:\/\/cipe.org.br\/novo\/wp-json\/wp\/v2\/posts"}],"about":[{"href":"https:\/\/cipe.org.br\/novo\/wp-json\/wp\/v2\/types\/post"}],"author":[{"embeddable":true,"href":"https:\/\/cipe.org.br\/novo\/wp-json\/wp\/v2\/users\/1"}],"replies":[{"embeddable":true,"href":"https:\/\/cipe.org.br\/novo\/wp-json\/wp\/v2\/comments?post=17778"}],"version-history":[{"count":1,"href":"https:\/\/cipe.org.br\/novo\/wp-json\/wp\/v2\/posts\/17778\/revisions"}],"predecessor-version":[{"id":17781,"href":"https:\/\/cipe.org.br\/novo\/wp-json\/wp\/v2\/posts\/17778\/revisions\/17781"}],"wp:featuredmedia":[{"embeddable":true,"href":"https:\/\/cipe.org.br\/novo\/wp-json\/wp\/v2\/media\/17780"}],"wp:attachment":[{"href":"https:\/\/cipe.org.br\/novo\/wp-json\/wp\/v2\/media?parent=17778"}],"wp:term":[{"taxonomy":"category","embeddable":true,"href":"https:\/\/cipe.org.br\/novo\/wp-json\/wp\/v2\/categories?post=17778"},{"taxonomy":"post_tag","embeddable":true,"href":"https:\/\/cipe.org.br\/novo\/wp-json\/wp\/v2\/tags?post=17778"}],"curies":[{"name":"wp","href":"https:\/\/api.w.org\/{rel}","templated":true}]}}