{"id":17036,"date":"2021-09-13T08:50:57","date_gmt":"2021-09-13T11:50:57","guid":{"rendered":"https:\/\/cipe.org.br\/novo\/?p=17036"},"modified":"2021-09-13T08:50:57","modified_gmt":"2021-09-13T11:50:57","slug":"frente-parlamentar-da-medicina-da-inicio-a-uma-serie-de-lives-sobre-a-medicina-brasileira","status":"publish","type":"post","link":"https:\/\/cipe.org.br\/novo\/frente-parlamentar-da-medicina-da-inicio-a-uma-serie-de-lives-sobre-a-medicina-brasileira\/","title":{"rendered":"Frente Parlamentar da Medicina da in\u00edcio a uma s\u00e9rie de lives sobre a medicina brasileira."},"content":{"rendered":"<p>fonte: FPMed<\/p>\n<p>A Frente Parlamentar da Medicina (FPMed) inicia nesta segunda-feira, dia 13, uma s\u00e9rie de Lives tendo em vista debater a Sa\u00fade e a Medicina brasileiras. O presidente da FPMed, deputado federal Hiran Gon\u00e7alves,\u00a0conversar\u00e1 com a secret\u00e1ria da Gest\u00e3o do Trabalho e da Educa\u00e7\u00e3o em Sa\u00fade, Dra. Mayra Pinheiro.<\/p>\n<p>Eles debater\u00e3o o Plano Nacional de Fortalecimento das Resid\u00eancias em Sa\u00fade.<\/p>\n<p>A transmiss\u00e3o ser\u00e1 Instagram da FPMed (<a href=\"https:\/\/www.instagram.com\/fpmedicina\/?hl=pt-br\" target=\"_blank\" rel=\"noopener noreferrer\">@fpmedicina<\/a>) a partir das 20h.<\/p>\n","protected":false},"excerpt":{"rendered":"<p>fonte: FPMed A Frente Parlamentar da Medicina (FPMed) inicia nesta segunda-feira, dia 13, uma s\u00e9rie de Lives tendo em vista debater a Sa\u00fade e a Medicina<span class=\"excerpt-hellip\"> [\u2026]<\/span><\/p>\n","protected":false},"author":1,"featured_media":17038,"comment_status":"closed","ping_status":"open","sticky":false,"template":"","format":"standard","meta":{"footnotes":""},"categories":[76],"tags":[],"_links":{"self":[{"href":"https:\/\/cipe.org.br\/novo\/wp-json\/wp\/v2\/posts\/17036"}],"collection":[{"href":"https:\/\/cipe.org.br\/novo\/wp-json\/wp\/v2\/posts"}],"about":[{"href":"https:\/\/cipe.org.br\/novo\/wp-json\/wp\/v2\/types\/post"}],"author":[{"embeddable":true,"href":"https:\/\/cipe.org.br\/novo\/wp-json\/wp\/v2\/users\/1"}],"replies":[{"embeddable":true,"href":"https:\/\/cipe.org.br\/novo\/wp-json\/wp\/v2\/comments?post=17036"}],"version-history":[{"count":1,"href":"https:\/\/cipe.org.br\/novo\/wp-json\/wp\/v2\/posts\/17036\/revisions"}],"predecessor-version":[{"id":17039,"href":"https:\/\/cipe.org.br\/novo\/wp-json\/wp\/v2\/posts\/17036\/revisions\/17039"}],"wp:featuredmedia":[{"embeddable":true,"href":"https:\/\/cipe.org.br\/novo\/wp-json\/wp\/v2\/media\/17038"}],"wp:attachment":[{"href":"https:\/\/cipe.org.br\/novo\/wp-json\/wp\/v2\/media?parent=17036"}],"wp:term":[{"taxonomy":"category","embeddable":true,"href":"https:\/\/cipe.org.br\/novo\/wp-json\/wp\/v2\/categories?post=17036"},{"taxonomy":"post_tag","embeddable":true,"href":"https:\/\/cipe.org.br\/novo\/wp-json\/wp\/v2\/tags?post=17036"}],"curies":[{"name":"wp","href":"https:\/\/api.w.org\/{rel}","templated":true}]}}