{"id":15292,"date":"2021-02-06T10:37:31","date_gmt":"2021-02-06T13:37:31","guid":{"rendered":"https:\/\/cipe.org.br\/novo\/?p=15292"},"modified":"2021-02-06T11:10:03","modified_gmt":"2021-02-06T14:10:03","slug":"nota-de-falecimento-dr-carlos-antonio-de-lima-amorim","status":"publish","type":"post","link":"https:\/\/cipe.org.br\/novo\/nota-de-falecimento-dr-carlos-antonio-de-lima-amorim\/","title":{"rendered":"Nota de falecimento: Dr. Carlos Ant\u00f4nio de Lima Amorim"},"content":{"rendered":"<p>O Par\u00e1 se despede do seu primeiro cirurgi\u00e3o pedi\u00e1trico.<\/p>\n<p>A diretoria da Associa\u00e7\u00e3o Brasileira de Cirurgia Pedi\u00e1trica comunica, com pesar, o falecimento do Dr. Carlos Ant\u00f4nio de Lima Amorim, ocorrido na \u00faltima quarta-feira, em S\u00e3o Paulo. V\u00edtima da Covid-19, o cirurgi\u00e3o pedi\u00e1trico tinha 80 anos e atualmente era diretor financeiro da Unimed Bel\u00e9m.<\/p>\n<p>Dr. Carlos Ant\u00f4nio de Lima Amorim fez resid\u00eancia no Hospital dos Servidores do Rio de Janeiro, com Dr. Oct\u00e1vio Vaz.<\/p>\n<p>Ao retornar ao Para na d\u00e9cada de 1960, iniciou suas atividades na Santa Casa do Par\u00e1. Inovador, adquiriu o primeiro cistosc\u00f3pio e laparosc\u00f3pio pedi\u00e1tricos, realizando muitos procedimentos nos hospitais p\u00fablicos que trabalhou.<\/p>\n<p>Serviu de exemplo para seus tr\u00eas acad\u00eamicos na \u00e9poca seguirem seus passos: Jovelino Le\u00e3o , Eduardo Amoras e Carlos Alberto Rego .<\/p>\n","protected":false},"excerpt":{"rendered":"<p>O Par\u00e1 se despede do seu primeiro cirurgi\u00e3o pedi\u00e1trico. A diretoria da Associa\u00e7\u00e3o Brasileira de Cirurgia Pedi\u00e1trica comunica, com pesar, o falecimento do Dr. Carlos Ant\u00f4nio<span class=\"excerpt-hellip\"> [\u2026]<\/span><\/p>\n","protected":false},"author":1,"featured_media":15294,"comment_status":"closed","ping_status":"open","sticky":false,"template":"","format":"standard","meta":{"footnotes":""},"categories":[76],"tags":[],"_links":{"self":[{"href":"https:\/\/cipe.org.br\/novo\/wp-json\/wp\/v2\/posts\/15292"}],"collection":[{"href":"https:\/\/cipe.org.br\/novo\/wp-json\/wp\/v2\/posts"}],"about":[{"href":"https:\/\/cipe.org.br\/novo\/wp-json\/wp\/v2\/types\/post"}],"author":[{"embeddable":true,"href":"https:\/\/cipe.org.br\/novo\/wp-json\/wp\/v2\/users\/1"}],"replies":[{"embeddable":true,"href":"https:\/\/cipe.org.br\/novo\/wp-json\/wp\/v2\/comments?post=15292"}],"version-history":[{"count":4,"href":"https:\/\/cipe.org.br\/novo\/wp-json\/wp\/v2\/posts\/15292\/revisions"}],"predecessor-version":[{"id":15298,"href":"https:\/\/cipe.org.br\/novo\/wp-json\/wp\/v2\/posts\/15292\/revisions\/15298"}],"wp:featuredmedia":[{"embeddable":true,"href":"https:\/\/cipe.org.br\/novo\/wp-json\/wp\/v2\/media\/15294"}],"wp:attachment":[{"href":"https:\/\/cipe.org.br\/novo\/wp-json\/wp\/v2\/media?parent=15292"}],"wp:term":[{"taxonomy":"category","embeddable":true,"href":"https:\/\/cipe.org.br\/novo\/wp-json\/wp\/v2\/categories?post=15292"},{"taxonomy":"post_tag","embeddable":true,"href":"https:\/\/cipe.org.br\/novo\/wp-json\/wp\/v2\/tags?post=15292"}],"curies":[{"name":"wp","href":"https:\/\/api.w.org\/{rel}","templated":true}]}}