{"id":15206,"date":"2021-01-28T16:09:37","date_gmt":"2021-01-28T19:09:37","guid":{"rendered":"https:\/\/cipe.org.br\/novo\/?p=15206"},"modified":"2021-01-28T17:13:57","modified_gmt":"2021-01-28T20:13:57","slug":"venda-do-terreno-do-hospital-infantil-darcy-vargas-por-ora-nao-esta-confirmada","status":"publish","type":"post","link":"https:\/\/cipe.org.br\/novo\/venda-do-terreno-do-hospital-infantil-darcy-vargas-por-ora-nao-esta-confirmada\/","title":{"rendered":"Venda do terreno do Hospital Infantil Darcy Vargas por ora n\u00e3o est\u00e1 confirmada"},"content":{"rendered":"<p>A Associa\u00e7\u00e3o Brasileira de Cirurgia Pedi\u00e1trica publicou, nesta segunda-feira, mat\u00e9ria abordando uma poss\u00edvel venda do terreno que hoje abriga o Hospital Infantil Darcy Vargas, gerido pela Secretaria de Estado da Sa\u00fade de S\u00e3o Paulo, para a iniciativa privada.<\/p>\n<p>Neste per\u00edodo, Dra. Maria do Socorro Mendon\u00e7a de Campos, presidente da CIPE, solicitou informa\u00e7\u00f5es ao gabinete da deputada estadual de S\u00e3o Paulo, Jana\u00edna Paschoal. Nesta quarta-feira, a assessora parlamentar da deputada disse que ap\u00f3s contato com o hospital foi informada que houve uma proposta de compra do terreno e constru\u00e7\u00e3o do hospital em outro lugar, mas n\u00e3o houve aceita\u00e7\u00e3o da proposta por ora. A partir de 1\u00ba de fevereiro, acabando o recesso, ser\u00e1 poss\u00edvel enviar Requerimentos de Informa\u00e7\u00e3o aos \u00f3rg\u00e3os. A deputada o far\u00e1, pedindo esclarecimentos e deixando claro, desde j\u00e1, que \u00e9 contra a venda do terreno.<\/p>\n<p>Desde segunda-feira a CIPE aguarda um posicionamento oficial da SES-SP sobre o assunto, atrav\u00e9s de contatos realizados junto \u00e0 assessoria de imprensa da Secretaria. At\u00e9 o fechamento desta mat\u00e9ria, nesta quinta-feira, dia 28, a resposta ainda n\u00e3o tinha sido enviada.<\/p>\n<p>O Hospital Infantil Darcy Vargas \u00e9 refer\u00eancia no tratamento de crian\u00e7as com c\u00e2ncer e outras especialidades, como Hematologia, Cirurgia Pedi\u00e1trica, Urologia, Endocrinologia, Nefrologia e casos complexos de Pediatria geral; conta com UTI Neonatal, que \u00e9 refer\u00eancia para cirurgias de alta complexidade e est\u00e1 inserida no Programa M\u00e3e Paulistana (programa municipal implantado em 2006 voltado para a m\u00e3e e o beb\u00ea) para casos de Cirurgia Pedi\u00e1trica e UTI Pedi\u00e1trica, ambas classificadas como tipo III e certificadas pelo Minist\u00e9rio da Sa\u00fade. O ambulat\u00f3rio oferece consultas em 26 especialidades m\u00e9dicas que d\u00e3o suporte ao atendimento m\u00e9dico hospitalar.<\/p>\n<p>Tendo em vista isso, a CIPE espera que n\u00e3o seja confirmada a negocia\u00e7\u00e3o para venda do terreno do Hospital Infantil Darcy Vargas, que \u00e9 um s\u00edmbolo nacional da Pediatria brasileira e refer\u00eancia em atendimento. Esta mudan\u00e7a ocasionaria enormes transtornos aos pacientes que s\u00e3o atendidos na unidade e para os profissionais de sa\u00fade que l\u00e1 trabalham, colocando em risco todo o funcionamento do hospital, fundado em 1958.<\/p>\n<p>Caso voc\u00ea seja contra a venda do terreno, assine o abaixo assinado em prol do Hospital Infantil Darcy Vargas:<\/p>\n<p><a href=\"https:\/\/secure.avaaz.org\/community_petitions\/po\/todos_pelo_darcy_vargas_todos_em_prol_do_hospital_infantil_darcy_vargas\/?fjkOXlb&amp;fbogname=Iara&amp;utm_source=sharetools&amp;utm_medium=facebook&amp;utm_campaign=petition-1172860-todos_em_prol_do_hospital_infantil_darcy_vargas&amp;utm_term=jkOXlb%2Bpo&amp;fbclid=IwAR2DYlix4_3qyZ8bNBiu2nXGreq961pffXix6mIWsXZtwVhXcJDUa5pv84g\" target=\"_blank\" rel=\"noopener noreferrer\">ASSINE AQUI<\/a><\/p>\n","protected":false},"excerpt":{"rendered":"<p>A Associa\u00e7\u00e3o Brasileira de Cirurgia Pedi\u00e1trica publicou, nesta segunda-feira, mat\u00e9ria abordando uma poss\u00edvel venda do terreno que hoje abriga o Hospital Infantil Darcy Vargas, gerido pela<span class=\"excerpt-hellip\"> [\u2026]<\/span><\/p>\n","protected":false},"author":1,"featured_media":0,"comment_status":"closed","ping_status":"open","sticky":false,"template":"","format":"standard","meta":{"footnotes":""},"categories":[76],"tags":[],"_links":{"self":[{"href":"https:\/\/cipe.org.br\/novo\/wp-json\/wp\/v2\/posts\/15206"}],"collection":[{"href":"https:\/\/cipe.org.br\/novo\/wp-json\/wp\/v2\/posts"}],"about":[{"href":"https:\/\/cipe.org.br\/novo\/wp-json\/wp\/v2\/types\/post"}],"author":[{"embeddable":true,"href":"https:\/\/cipe.org.br\/novo\/wp-json\/wp\/v2\/users\/1"}],"replies":[{"embeddable":true,"href":"https:\/\/cipe.org.br\/novo\/wp-json\/wp\/v2\/comments?post=15206"}],"version-history":[{"count":6,"href":"https:\/\/cipe.org.br\/novo\/wp-json\/wp\/v2\/posts\/15206\/revisions"}],"predecessor-version":[{"id":15214,"href":"https:\/\/cipe.org.br\/novo\/wp-json\/wp\/v2\/posts\/15206\/revisions\/15214"}],"wp:attachment":[{"href":"https:\/\/cipe.org.br\/novo\/wp-json\/wp\/v2\/media?parent=15206"}],"wp:term":[{"taxonomy":"category","embeddable":true,"href":"https:\/\/cipe.org.br\/novo\/wp-json\/wp\/v2\/categories?post=15206"},{"taxonomy":"post_tag","embeddable":true,"href":"https:\/\/cipe.org.br\/novo\/wp-json\/wp\/v2\/tags?post=15206"}],"curies":[{"name":"wp","href":"https:\/\/api.w.org\/{rel}","templated":true}]}}