{"id":14813,"date":"2020-11-26T15:58:18","date_gmt":"2020-11-26T18:58:18","guid":{"rendered":"https:\/\/cipe.org.br\/novo\/?p=14813"},"modified":"2020-11-30T10:25:41","modified_gmt":"2020-11-30T13:25:41","slug":"ultima-live-do-novembrinho-azul-acontece-nesta-segunda-feira","status":"publish","type":"post","link":"https:\/\/cipe.org.br\/novo\/ultima-live-do-novembrinho-azul-acontece-nesta-segunda-feira\/","title":{"rendered":"\u00daltima Live do Novembrinho Azul acontece nesta segunda-feira"},"content":{"rendered":"<p>A Associa\u00e7\u00e3o Brasileira de Cirurgia Pedi\u00e1trica encerra nesta segunda-feira, dia 30, a s\u00e9rie de Lives\u00a0 em seu Instagram (<a href=\"https:\/\/www.instagram.com\/cipecirurgiapediatrica\/\" target=\"_blank\" rel=\"noopener noreferrer\">@cipecirurgiapediatrica<\/a>), tendo em vista o Novembrinho Azul.<\/p>\n<p>O evento abordar\u00e1 Enurese e ter\u00e1 como entrevistadora a Dra. Vilani Kremer e como convidada a Dra. Karine Meyer.<\/p>\n<p>N\u00e3o perca!<\/p>\n<p>A partir das 19h desta segunda-feira, no Instagram da CIPE (<a href=\"https:\/\/www.instagram.com\/cipecirurgiapediatrica\/\" target=\"_blank\" rel=\"noopener noreferrer\">@cipecirurgiapediatrica<\/a>).<\/p>\n","protected":false},"excerpt":{"rendered":"<p>A Associa\u00e7\u00e3o Brasileira de Cirurgia Pedi\u00e1trica encerra nesta segunda-feira, dia 30, a s\u00e9rie de Lives\u00a0 em seu Instagram (@cipecirurgiapediatrica), tendo em vista o Novembrinho Azul. O<span class=\"excerpt-hellip\"> [\u2026]<\/span><\/p>\n","protected":false},"author":1,"featured_media":14796,"comment_status":"closed","ping_status":"open","sticky":false,"template":"","format":"standard","meta":{"footnotes":""},"categories":[76],"tags":[],"_links":{"self":[{"href":"https:\/\/cipe.org.br\/novo\/wp-json\/wp\/v2\/posts\/14813"}],"collection":[{"href":"https:\/\/cipe.org.br\/novo\/wp-json\/wp\/v2\/posts"}],"about":[{"href":"https:\/\/cipe.org.br\/novo\/wp-json\/wp\/v2\/types\/post"}],"author":[{"embeddable":true,"href":"https:\/\/cipe.org.br\/novo\/wp-json\/wp\/v2\/users\/1"}],"replies":[{"embeddable":true,"href":"https:\/\/cipe.org.br\/novo\/wp-json\/wp\/v2\/comments?post=14813"}],"version-history":[{"count":2,"href":"https:\/\/cipe.org.br\/novo\/wp-json\/wp\/v2\/posts\/14813\/revisions"}],"predecessor-version":[{"id":14933,"href":"https:\/\/cipe.org.br\/novo\/wp-json\/wp\/v2\/posts\/14813\/revisions\/14933"}],"wp:featuredmedia":[{"embeddable":true,"href":"https:\/\/cipe.org.br\/novo\/wp-json\/wp\/v2\/media\/14796"}],"wp:attachment":[{"href":"https:\/\/cipe.org.br\/novo\/wp-json\/wp\/v2\/media?parent=14813"}],"wp:term":[{"taxonomy":"category","embeddable":true,"href":"https:\/\/cipe.org.br\/novo\/wp-json\/wp\/v2\/categories?post=14813"},{"taxonomy":"post_tag","embeddable":true,"href":"https:\/\/cipe.org.br\/novo\/wp-json\/wp\/v2\/tags?post=14813"}],"curies":[{"name":"wp","href":"https:\/\/api.w.org\/{rel}","templated":true}]}}