{"id":12143,"date":"2020-03-30T08:40:31","date_gmt":"2020-03-30T11:40:31","guid":{"rendered":"https:\/\/cipe.org.br\/novo\/?p=12143"},"modified":"2020-03-30T16:45:18","modified_gmt":"2020-03-30T19:45:18","slug":"ministerio-alerta-para-risco-do-uso-de-cloroquina-sem-indicacao-medica","status":"publish","type":"post","link":"https:\/\/cipe.org.br\/novo\/ministerio-alerta-para-risco-do-uso-de-cloroquina-sem-indicacao-medica\/","title":{"rendered":"Minist\u00e9rio alerta para risco do uso de cloroquina sem indica\u00e7\u00e3o m\u00e9dica"},"content":{"rendered":"<p>fonte: Ag\u00eancia Brasil<\/p>\n<p>O Minist\u00e9rio da Sa\u00fade divulgou uma nota t\u00e9cnica sobre o uso da cloroquina e da hidroxicloroquina em casos graves, com pacientes hospitalizados, infectados pelo novo coronav\u00edrus. O protocolo prev\u00ea cinco dias de uso, em complemento a outras medidas como aux\u00edlio para respirar e medica\u00e7\u00e3o contra febre e mal-estar.<\/p>\n<p>O minist\u00e9rio, no entanto, alerta para o risco do uso desses medicamentos, que n\u00e3o devem ser administrados fora dos hospitais. Segundo a nota, dentre os efeitos colaterais, est\u00e3o les\u00f5es na retina, prejudicando a vis\u00e3o, e dist\u00farbios cardiovasculares.<\/p>\n<p>Em coletiva de imprensa neste s\u00e1bado (28), o ministro da Sa\u00fade, Luiz Henrique Mandetta, ressaltou que \u00e9 importante que os medicamentos s\u00f3 sejam usados em casos mais complexos e n\u00e3o para os pacientes em geral. \u201cEsse medicamento pode dar arritmia card\u00edaca, pode paralisar a fun\u00e7\u00e3o do f\u00edgado. Ent\u00e3o, se sairmos com a caixa na m\u00e3o falando &#8216;pode tomar&#8217;, n\u00f3s podemos ter mais mortes por mau uso do medicamento do que pela pr\u00f3pria virose\u201d, enfatizou.<\/p>\n<p>Apesar de alguns estudos indicarem que os medicamentos podem conter a covid-19, ainda n\u00e3o existem evid\u00eancias conclusivas sobre os efeitos das subst\u00e2ncias nesse tipo de tratamento.<\/p>\n<h2>Distribui\u00e7\u00e3o<\/h2>\n<p>Na sexta-feira, o minist\u00e9rio come\u00e7ou a distribui\u00e7\u00e3o para os estados de 3,4 milh\u00f5es de unidades dos dois medicamentos para uso em casos graves de infec\u00e7\u00e3o pelo novo coronav\u00edrus.<\/p>\n<p>Os rem\u00e9dios j\u00e1 s\u00e3o distribu\u00eddos pelo Sistema \u00danico de Sa\u00fade (SUS) para o tratamento de mal\u00e1ria, que tamb\u00e9m \u00e9 uma virose, e de doen\u00e7as autoimunes (quando o sistema imunol\u00f3gico causa inflama\u00e7\u00f5es) como l\u00fapus e artrite reumatoide.<\/p>\n","protected":false},"excerpt":{"rendered":"<p>fonte: Ag\u00eancia Brasil O Minist\u00e9rio da Sa\u00fade divulgou uma nota t\u00e9cnica sobre o uso da cloroquina e da hidroxicloroquina em casos graves, com pacientes hospitalizados, infectados<span class=\"excerpt-hellip\"> [\u2026]<\/span><\/p>\n","protected":false},"author":1,"featured_media":0,"comment_status":"closed","ping_status":"open","sticky":false,"template":"","format":"standard","meta":{"footnotes":""},"categories":[89,76],"tags":[],"_links":{"self":[{"href":"https:\/\/cipe.org.br\/novo\/wp-json\/wp\/v2\/posts\/12143"}],"collection":[{"href":"https:\/\/cipe.org.br\/novo\/wp-json\/wp\/v2\/posts"}],"about":[{"href":"https:\/\/cipe.org.br\/novo\/wp-json\/wp\/v2\/types\/post"}],"author":[{"embeddable":true,"href":"https:\/\/cipe.org.br\/novo\/wp-json\/wp\/v2\/users\/1"}],"replies":[{"embeddable":true,"href":"https:\/\/cipe.org.br\/novo\/wp-json\/wp\/v2\/comments?post=12143"}],"version-history":[{"count":1,"href":"https:\/\/cipe.org.br\/novo\/wp-json\/wp\/v2\/posts\/12143\/revisions"}],"predecessor-version":[{"id":12145,"href":"https:\/\/cipe.org.br\/novo\/wp-json\/wp\/v2\/posts\/12143\/revisions\/12145"}],"wp:attachment":[{"href":"https:\/\/cipe.org.br\/novo\/wp-json\/wp\/v2\/media?parent=12143"}],"wp:term":[{"taxonomy":"category","embeddable":true,"href":"https:\/\/cipe.org.br\/novo\/wp-json\/wp\/v2\/categories?post=12143"},{"taxonomy":"post_tag","embeddable":true,"href":"https:\/\/cipe.org.br\/novo\/wp-json\/wp\/v2\/tags?post=12143"}],"curies":[{"name":"wp","href":"https:\/\/api.w.org\/{rel}","templated":true}]}}