{"id":11911,"date":"2020-03-16T08:30:31","date_gmt":"2020-03-16T11:30:31","guid":{"rendered":"https:\/\/cipe.org.br\/novo\/?p=11911"},"modified":"2020-03-16T14:38:29","modified_gmt":"2020-03-16T17:38:29","slug":"campanha-contra-a-gripe-2020-quando-cada-grupo-pode-tomar-a-vacina","status":"publish","type":"post","link":"https:\/\/cipe.org.br\/novo\/campanha-contra-a-gripe-2020-quando-cada-grupo-pode-tomar-a-vacina\/","title":{"rendered":"Campanha contra a gripe 2020: quando cada grupo pode tomar a vacina"},"content":{"rendered":"<p>fonte: Sa\u00fade Abril<\/p>\n<p>O Minist\u00e9rio da Sa\u00fade detalhou o calend\u00e1rio da\u00a0<strong>Campanha Nacional de Vacina\u00e7\u00e3o Contra a Gripe de 2020<\/strong>. As vacinas come\u00e7ar\u00e3o a ser dadas na rede p\u00fablica a partir do\u00a0<strong>dia 23 de mar\u00e7o<\/strong>\u00a0somente para idosos e trabalhadores da \u00e1rea de sa\u00fade \u2014 eles foram priorizados por causa do novo\u00a0coronav\u00edrus, tamb\u00e9m chamado de Sars-Cov-2. Com o passar dos dias, outros grupos do p\u00fablico-alvo ter\u00e3o direito \u00e0s doses (<em>saiba mais no calend\u00e1rio abaixo<\/em>).<\/p>\n<p>Os indiv\u00edduos com mais de 60 anos foram para o primeiro lugar da fila, porque\u00a0estudos mostram que estariam mais suscet\u00edveis \u00e0s complica\u00e7\u00f5es do novo coronav\u00edrus. Aten\u00e7\u00e3o: isso n\u00e3o significa que a vacina evita o ataque do Sars-Cov-2.<\/p>\n<p>Na verdade, ao proteger os idosos do v\u00edrus influenza (causador da\u00a0gripe), essa inje\u00e7\u00e3o impede uma sobrecarga do sistema respirat\u00f3rio que agravaria um eventual ataque do novo coronav\u00edrus.<\/p>\n<p>A vacina\u00e7\u00e3o tamb\u00e9m ajuda a diferenciar entre gripe e a Covid-19, a doen\u00e7a desencadeada pelo Sars-Cov-2. Ora, se o sujeito recebeu a dose, por\u00e9m apresenta sintomas como tosse e falta de ar, provavelmente n\u00e3o \u00e9 o v\u00edrus influenza que os est\u00e1 causando. A\u00ed, dependendo de outros crit\u00e9rios, o m\u00e9dico pode solicitar um exame para verificar a presen\u00e7a do novo coronav\u00edrus.\u00a0Saiba mais clicando aqui.<\/p>\n<p>Os trabalhadores de sa\u00fade tamb\u00e9m ser\u00e3o imunizados desde o dia 23 de mar\u00e7o pelo maior risco de entrarem em contato com ambos os v\u00edrus (e por poderem transmiti-los a pessoas que j\u00e1 est\u00e3o fragilizadas em ambientes hospitalares).<\/p>\n<div class=\"widget-news widget-box no-margin no-border\">\n<ul>\n<li><strong>23 de mar\u00e7o<\/strong>: in\u00edcio da Campanha Nacional de Vacina\u00e7\u00e3o Contra a Gripe. Pessoas com mais de 60 anos e trabalhadores da \u00e1rea da sa\u00fade podem tomar a dose.<\/li>\n<li><strong>A partir do dia 16 de abril<\/strong>: o p\u00fablico-alvo \u00e9 ampliado para professores, profissionais das for\u00e7as de seguran\u00e7a e salvamento e pacientes com doen\u00e7as cr\u00f4nicas (hipertens\u00e3o, diabetes, asma\u2026).<\/li>\n<li><strong>A partir do dia 9 de maio<\/strong>:\u00a0crian\u00e7as de 6 meses a menores de 6 anos incompletos, pessoas entre 55 e 60 anos incompletos, gestantes, pu\u00e9rperas e ind\u00edgenas come\u00e7am a receber a vacina.<\/li>\n<li>O\u00a0<strong>Dia D<\/strong>\u00a0<strong>acontecer\u00e1 no 9 de maio<\/strong>. \u00c9 um s\u00e1bado onde postos de sa\u00fade e v\u00e1rios outros pontos oferecer\u00e3o o imunizante para todo o p\u00fablico-alvo, no Brasil inteiro.<\/li>\n<\/ul>\n<p>Por que o governo n\u00e3o oferece a vacina para todos os grupos de uma vez? Porque seriam muitas pessoas indo aos postos de sa\u00fade ao mesmo tempo, o que pode provocar confus\u00e3o e desabastecimento.<\/p>\n<p>Cabe lembrar ainda que todos os brasileiros sem contraindica\u00e7\u00e3o \u2014 mesmo fora do p\u00fablico-alvo \u2014 podem adquirir uma vers\u00e3o da vacina contra a gripe na rede privada.<\/p>\n<\/div>\n","protected":false},"excerpt":{"rendered":"<p>fonte: Sa\u00fade Abril O Minist\u00e9rio da Sa\u00fade detalhou o calend\u00e1rio da\u00a0Campanha Nacional de Vacina\u00e7\u00e3o Contra a Gripe de 2020. As vacinas come\u00e7ar\u00e3o a ser dadas na<span class=\"excerpt-hellip\"> [\u2026]<\/span><\/p>\n","protected":false},"author":1,"featured_media":11954,"comment_status":"closed","ping_status":"open","sticky":false,"template":"","format":"standard","meta":{"footnotes":""},"categories":[76],"tags":[],"_links":{"self":[{"href":"https:\/\/cipe.org.br\/novo\/wp-json\/wp\/v2\/posts\/11911"}],"collection":[{"href":"https:\/\/cipe.org.br\/novo\/wp-json\/wp\/v2\/posts"}],"about":[{"href":"https:\/\/cipe.org.br\/novo\/wp-json\/wp\/v2\/types\/post"}],"author":[{"embeddable":true,"href":"https:\/\/cipe.org.br\/novo\/wp-json\/wp\/v2\/users\/1"}],"replies":[{"embeddable":true,"href":"https:\/\/cipe.org.br\/novo\/wp-json\/wp\/v2\/comments?post=11911"}],"version-history":[{"count":1,"href":"https:\/\/cipe.org.br\/novo\/wp-json\/wp\/v2\/posts\/11911\/revisions"}],"predecessor-version":[{"id":11914,"href":"https:\/\/cipe.org.br\/novo\/wp-json\/wp\/v2\/posts\/11911\/revisions\/11914"}],"wp:featuredmedia":[{"embeddable":true,"href":"https:\/\/cipe.org.br\/novo\/wp-json\/wp\/v2\/media\/11954"}],"wp:attachment":[{"href":"https:\/\/cipe.org.br\/novo\/wp-json\/wp\/v2\/media?parent=11911"}],"wp:term":[{"taxonomy":"category","embeddable":true,"href":"https:\/\/cipe.org.br\/novo\/wp-json\/wp\/v2\/categories?post=11911"},{"taxonomy":"post_tag","embeddable":true,"href":"https:\/\/cipe.org.br\/novo\/wp-json\/wp\/v2\/tags?post=11911"}],"curies":[{"name":"wp","href":"https:\/\/api.w.org\/{rel}","templated":true}]}}