{"id":11837,"date":"2020-03-09T12:58:30","date_gmt":"2020-03-09T15:58:30","guid":{"rendered":"https:\/\/cipe.org.br\/novo\/?p=11837"},"modified":"2020-03-16T10:49:09","modified_gmt":"2020-03-16T13:49:09","slug":"congresso-mantem-veto-ao-revalida-em-faculdades-particulares-como-defendido-pelo-cfm","status":"publish","type":"post","link":"https:\/\/cipe.org.br\/novo\/congresso-mantem-veto-ao-revalida-em-faculdades-particulares-como-defendido-pelo-cfm\/","title":{"rendered":"Congresso mant\u00e9m veto ao Revalida em faculdades particulares, como defendido pelo CFM"},"content":{"rendered":"<p>fonte: CFM<\/p>\n<p>Para o governo e os parlamentares, a proposta vetada trazia riscos \u00e0 qualidade do exame, pois algumas institui\u00e7\u00f5es privadas sem estrutura adequada, e com crit\u00e9rios de avalia\u00e7\u00e3o mais flex\u00edveis para a aplica\u00e7\u00e3o do exame de habilidades cl\u00ednicas, poderiam aprovar a revalida\u00e7\u00e3o de diplomas de medicina sem a qualidade exigida para a atua\u00e7\u00e3o desses profissionais.<\/p>\n<p>Ao longo dos \u00faltimos meses, o CFM, juntamente com toda a categoria que representa, promoveu um intenso esfor\u00e7o para que os parlamentares concordassem com o veto presidencial \u00e0 possibilidade de escolas particulares realizarem processos de revalida\u00e7\u00e3o de diplomas m\u00e9dicos obtidos no exterior. A manuten\u00e7\u00e3o foi comemorada pelo presidente do CFM, Mauro Ribeiro.<\/p>\n<p>\u201cAgradecemos aos deputados e senadores que nos apoiaram nesta luta e, ao presidente Jair Bolsonaro, que tem se mostrado sens\u00edvel \u00e0s reivindica\u00e7\u00f5es dos m\u00e9dicos, que sempre tem como foco a qualifica\u00e7\u00e3o da assist\u00eancia, em todos os n\u00edveis, e do ensino da profiss\u00e3o\u201d, destacou.<\/p>\n<p><strong>Mobiliza\u00e7\u00e3o<\/strong>\u00a0\u2013 Al\u00e9m da atua\u00e7\u00e3o direta do CFM e outras lideran\u00e7as m\u00e9dicas, ao longo dos \u00faltimos meses, os quase 500 mil m\u00e9dicos inscritos nos Conselhos Regionais de Medicina (CRMs) tamb\u00e9m receberam um convite para que participassem desse processo hist\u00f3rico. Milhares de m\u00e9dicos atenderam ao chamado do CFM e, atrav\u00e9s da plataforma criada pela autarquia, encaminharam cerca quase 2 milh\u00f5es de mensagens aos congressistas de todos os estados.<\/p>\n<p>No texto, os profissionais pediram o apoio e o voto dos parlamentares contra a flexibiliza\u00e7\u00e3o do Revalida, al\u00e9m da permiss\u00e3o para que cons\u00f3rcios estaduais contratem pessoas com diplomas estrangeiros de medicina sem revalida\u00e7\u00e3o e a possibilidade de que os intercambistas cubanos continuassem a atuar no Brasil.<\/p>\n<p>&#8220;Muito obrigado aos m\u00e9dicos brasileiros. Essa vit\u00f3ria s\u00f3 foi poss\u00edvel por conta do engajamento em torno dessa causa. O CFM e seus conselheiros continuar\u00e3o a trabalhar em defesa dos interesses de nossa categoria e dos pacientes e para isso precisa da uni\u00e3o da nossa classe&#8221;, disse Mauro Ribeiro.<\/p>\n","protected":false},"excerpt":{"rendered":"<p>fonte: CFM Para o governo e os parlamentares, a proposta vetada trazia riscos \u00e0 qualidade do exame, pois algumas institui\u00e7\u00f5es privadas sem estrutura adequada, e com<span class=\"excerpt-hellip\"> [\u2026]<\/span><\/p>\n","protected":false},"author":1,"featured_media":0,"comment_status":"closed","ping_status":"open","sticky":false,"template":"","format":"standard","meta":{"footnotes":""},"categories":[76],"tags":[],"_links":{"self":[{"href":"https:\/\/cipe.org.br\/novo\/wp-json\/wp\/v2\/posts\/11837"}],"collection":[{"href":"https:\/\/cipe.org.br\/novo\/wp-json\/wp\/v2\/posts"}],"about":[{"href":"https:\/\/cipe.org.br\/novo\/wp-json\/wp\/v2\/types\/post"}],"author":[{"embeddable":true,"href":"https:\/\/cipe.org.br\/novo\/wp-json\/wp\/v2\/users\/1"}],"replies":[{"embeddable":true,"href":"https:\/\/cipe.org.br\/novo\/wp-json\/wp\/v2\/comments?post=11837"}],"version-history":[{"count":1,"href":"https:\/\/cipe.org.br\/novo\/wp-json\/wp\/v2\/posts\/11837\/revisions"}],"predecessor-version":[{"id":11840,"href":"https:\/\/cipe.org.br\/novo\/wp-json\/wp\/v2\/posts\/11837\/revisions\/11840"}],"wp:attachment":[{"href":"https:\/\/cipe.org.br\/novo\/wp-json\/wp\/v2\/media?parent=11837"}],"wp:term":[{"taxonomy":"category","embeddable":true,"href":"https:\/\/cipe.org.br\/novo\/wp-json\/wp\/v2\/categories?post=11837"},{"taxonomy":"post_tag","embeddable":true,"href":"https:\/\/cipe.org.br\/novo\/wp-json\/wp\/v2\/tags?post=11837"}],"curies":[{"name":"wp","href":"https:\/\/api.w.org\/{rel}","templated":true}]}}