{"id":11632,"date":"2020-02-10T11:54:16","date_gmt":"2020-02-10T14:54:16","guid":{"rendered":"http:\/\/cipe.org.br\/novo\/?p=11632"},"modified":"2020-02-11T09:46:43","modified_gmt":"2020-02-11T12:46:43","slug":"cipe-apoia-projeto-de-lei-que-trata-de-aumento-de-valor-da-bolsa-para-residentes-medicos","status":"publish","type":"post","link":"https:\/\/cipe.org.br\/novo\/cipe-apoia-projeto-de-lei-que-trata-de-aumento-de-valor-da-bolsa-para-residentes-medicos\/","title":{"rendered":"CIPE apoia Projeto de Lei que trata de aumento de valor da bolsa para residentes m\u00e9dicos"},"content":{"rendered":"<p>A Associa\u00e7\u00e3o Brasileira de Cirurgia Pedi\u00e1trica (CIPE) parabeniza o deputado federal Dr. Luiz Antonio Teixeira Jr., do Rio de Janeiro, pelo Projeto de Lei n\u00ba 2803\/19, que assegura ao m\u00e9dico-residente em regime de treinamento em servi\u00e7o de 60 horas semanais o mesmo valor da bolsa paga ao participante do Programa Mais M\u00e9dicos (atualmente, R$ 11,8 mil). O texto altera a <a href=\"https:\/\/www2.camara.leg.br\/legin\/fed\/lei\/1980-1987\/lei-6932-7-julho-1981-357276-norma-pl.html\" target=\"_blank\" rel=\"noopener noreferrer\">Lei 6.931\/81<\/a>.<\/p>\n<p>Vale lembrar que, em junho de 2019, em reuni\u00e3o da Diretoria Plena e do Conselho Deliberativo da AMB, a Dra. Maria do Socorro Mendon\u00e7a de Campos, presidente da CIPE, solicitou \u00e0 Dra. Rosana Leite de Melo, na \u00e9poca diretora de Desenvolvimento da Educa\u00e7\u00e3o em Sa\u00fade do MEC, exatamente o que o Projeto de Lei prev\u00ea: a equipara\u00e7\u00e3o da bolsa de resid\u00eancia m\u00e9dica (RM) \u00e0 bolsa dos m\u00e9dicos do Programa Mais M\u00e9dicos, e, tamb\u00e9m, dedica\u00e7\u00e3o exclusiva, a fim de que os residentes possam se concentrar unicamente nas atividades de forma\u00e7\u00e3o pr\u00f3prias da RM.<\/p>\n<p>A CIPE aproveita para solicitar que os demais deputados, principalmente aqueles da Frente Parlamentar da Medicina (FPMed), abracem o PL, pois ele \u00e9 essencial para uma melhor forma\u00e7\u00e3o profissional do m\u00e9dico brasileiro. O projeto beneficiar\u00e1, j\u00e1 a curto prazo, a assist\u00eancia m\u00e9dica no pa\u00eds trazendo profissionais mais preparados e capacitados.<\/p>\n<p>Atualmente a proposta est\u00e1 na Comiss\u00e3o de Seguridade Social e Fam\u00edlia da C\u00e2mara dos Deputados. O relator, deputado C\u00e9lio da Silveira, j\u00e1 apresentou um parecer pela aprova\u00e7\u00e3o do projeto. A vota\u00e7\u00e3o dever\u00e1 ocorrer em mar\u00e7o. Depois, o PL ainda passar\u00e1 por outras duas comiss\u00f5es: Finan\u00e7as e Tributa\u00e7\u00e3o, e de Constitui\u00e7\u00e3o e Justi\u00e7a.<\/p>\n","protected":false},"excerpt":{"rendered":"<p>A Associa\u00e7\u00e3o Brasileira de Cirurgia Pedi\u00e1trica (CIPE) parabeniza o deputado federal Dr. Luiz Antonio Teixeira Jr., do Rio de Janeiro, pelo Projeto de Lei n\u00ba 2803\/19,<span class=\"excerpt-hellip\"> [\u2026]<\/span><\/p>\n","protected":false},"author":1,"featured_media":11635,"comment_status":"closed","ping_status":"open","sticky":false,"template":"","format":"standard","meta":{"footnotes":""},"categories":[76],"tags":[],"_links":{"self":[{"href":"https:\/\/cipe.org.br\/novo\/wp-json\/wp\/v2\/posts\/11632"}],"collection":[{"href":"https:\/\/cipe.org.br\/novo\/wp-json\/wp\/v2\/posts"}],"about":[{"href":"https:\/\/cipe.org.br\/novo\/wp-json\/wp\/v2\/types\/post"}],"author":[{"embeddable":true,"href":"https:\/\/cipe.org.br\/novo\/wp-json\/wp\/v2\/users\/1"}],"replies":[{"embeddable":true,"href":"https:\/\/cipe.org.br\/novo\/wp-json\/wp\/v2\/comments?post=11632"}],"version-history":[{"count":2,"href":"https:\/\/cipe.org.br\/novo\/wp-json\/wp\/v2\/posts\/11632\/revisions"}],"predecessor-version":[{"id":11637,"href":"https:\/\/cipe.org.br\/novo\/wp-json\/wp\/v2\/posts\/11632\/revisions\/11637"}],"wp:featuredmedia":[{"embeddable":true,"href":"https:\/\/cipe.org.br\/novo\/wp-json\/wp\/v2\/media\/11635"}],"wp:attachment":[{"href":"https:\/\/cipe.org.br\/novo\/wp-json\/wp\/v2\/media?parent=11632"}],"wp:term":[{"taxonomy":"category","embeddable":true,"href":"https:\/\/cipe.org.br\/novo\/wp-json\/wp\/v2\/categories?post=11632"},{"taxonomy":"post_tag","embeddable":true,"href":"https:\/\/cipe.org.br\/novo\/wp-json\/wp\/v2\/tags?post=11632"}],"curies":[{"name":"wp","href":"https:\/\/api.w.org\/{rel}","templated":true}]}}