{"id":10411,"date":"2019-09-23T15:41:45","date_gmt":"2019-09-23T18:41:45","guid":{"rendered":"https:\/\/cipe.org.br\/novo\/?p=10411"},"modified":"2019-09-25T08:43:11","modified_gmt":"2019-09-25T11:43:11","slug":"diretoria-da-cipe-se-reune-com-deputada-estadual-janaina-paschoal-para-tratar-de-emenda-a-projeto-de-lei","status":"publish","type":"post","link":"https:\/\/cipe.org.br\/novo\/diretoria-da-cipe-se-reune-com-deputada-estadual-janaina-paschoal-para-tratar-de-emenda-a-projeto-de-lei\/","title":{"rendered":"Diretoria da CIPE se re\u00fane com deputada estadual Jana\u00edna Paschoal para tratar de emenda \u00e0 projeto de Lei"},"content":{"rendered":"<p>A diretoria da CIPE esteve reunida nesta sexta-feira, dia 20, na Assembleia Legislativa de S\u00e3o Paulo (ALESP) com a deputada estadual Jana\u00edna Paschoal (PSL). Participaram do encontro as Dras. Maria do Socorro, presidente da CIPE, Heloisa Galv\u00e3o Campos, 1\u00aa tesoureira da CIPE, Lisieux Eyer de Jesus, diretora de publica\u00e7\u00f5es da CIPE, al\u00e9m da Dra. Daniela Patr\u00edcia Cunha. Na pauta,\u00a0 uma emenda, sobre cirurgia de redesigna\u00e7\u00e3o sexual, proposta pela deputada, a projeto de Lei que tramita na ALESP.<\/p>\n<p>O <a href=\"https:\/\/www.al.sp.gov.br\/propositura\/?id=1000264113\" target=\"_blank\" rel=\"noopener noreferrer\">Projeto de Lei n\u00ba 491\/2019<\/a>, de autoria da deputada \u00c9rica Malunginho (PSOL), prop\u00f5e instituir no Estado de S\u00e3o Paulo o projeto TransCidadania, em uma amplia\u00e7\u00e3o de um programa municipal que trata da garantia de cidadania da popula\u00e7\u00e3o trans. As principais a\u00e7\u00f5es defendidas no PL s\u00e3o de inser\u00e7\u00e3o no mercado de trabalho, escolariza\u00e7\u00e3o e acesso \u00e0 sa\u00fade da popula\u00e7\u00e3o trans.<\/p>\n<p>A emenda proposta pela deputada Jana\u00edna Paschoal proibe a terapia hormonal para crian\u00e7as e adolescentes trans menores de 18 anos e o fim da oferta de cirurgia de redesigna\u00e7\u00e3o sexual a menores de 21 anos na rede p\u00fablica e privada de sa\u00fade no estado.<\/p>\n<p>As m\u00e9dicas passaram a deputada informa\u00e7\u00f5es t\u00e9cnicas sobre cirurgia genital da crian\u00e7a e os problemas que poderiam surgir no caso da proibi\u00e7\u00e3o deste tipo de opera\u00e7\u00e3o, conforme o previsto na emenda. Elas apresentaram a grande produ\u00e7\u00e3o de trabalhos cient\u00edficos nacionais e internacionais que tratam de Dist\u00farbios da Diferencia\u00e7\u00e3o Sexual (DDS) e a necessidade de se consultar um cirurgi\u00e3o pedi\u00e1trico antes de realizar qualquer tipo de opera\u00e7\u00e3o deste tipo. A deputada pediu, ent\u00e3o, os estudos para analis\u00e1-los.<\/p>\n<p>Aproveitando o encontro, tamb\u00e9m se abordou a proibi\u00e7\u00e3o da produ\u00e7\u00e3o e comercializa\u00e7\u00e3o de Bleomicina (medicamento para Linfangioma) pela Anvisa e o que isto est\u00e1 atrapalhando no tratamento dos pacientes; e tamb\u00e9m da regulamenta\u00e7\u00e3o da compra de aparelho eletroestimulador para cirurgia de anomalia anorretal. Nestes casos, a deputada ficou de entrar em contato com o Minist\u00e9rio da Sa\u00fade para ver o que poderia ser feito em rela\u00e7\u00e3o a esses problemas burocr\u00e1ticos:<\/p>\n<p>&#8220;Estou trabalhando para que esses entraves sejam retirados. N\u00e3o tem sentido medicamentos e equipamentos utilizados em todo mundo serem vedados aqui, sem maiores justificativas. A Anvisa precisa explicar por que proibiu a Bleomicina e por que n\u00e3o certifica o eletroestimulador. Crian\u00e7as est\u00e3o sofrendo. N\u00e3o \u00e9 s\u00f3 uma quest\u00e3o de recursos, pois se algu\u00e9m trouxer, sem autoriza\u00e7\u00e3o, corre o risco de ser processado. N\u00e3o podemos compactuar com lobbies, se for esse o caso&#8221;, declarou,<\/p>\n<p>Ela ainda fez um balan\u00e7o do encontro:<\/p>\n<p>&#8220;A reuni\u00e3o foi muito proveitosa, pois a Associa\u00e7\u00e3o pediu a reuni\u00e3o para discutir a emenda que apresentei, vedando tratamento hormonal em crian\u00e7as consideradas transexuais. No entanto, as m\u00e9dicas trouxeram v\u00e1rias outras quest\u00f5es importantes e urgentes&#8221;, disse.<\/p>\n<p>O resultado da reuni\u00e3o tamb\u00e9m foi divulgado pela deputada em sua conta no Twitter e e em discurso na tribuna da ALESP, nesta segunda-feira, dia 23.<\/p>\n<p>Confira:<\/p>\n<blockquote class=\"twitter-tweet\">\n<p dir=\"ltr\" lang=\"pt\">Ontem, na Alesp, recebi parte da diretoria da Associa\u00e7\u00e3o Brasileira de Cirurgia Pedi\u00e1trica. Dentre v\u00e1rios temas importantes, preocupo-me a situa\u00e7\u00e3o das crian\u00e7as acometidas por linfangioma (m\u00e1 forma\u00e7\u00e3o de vasos linf\u00e1ticos).<\/p>\n<p>\u2014 Janaina Paschoal (@JanainaDoBrasil) <a href=\"https:\/\/twitter.com\/JanainaDoBrasil\/status\/1175534202772688898?ref_src=twsrc%5Etfw\">September 21, 2019<\/a><\/p><\/blockquote>\n<p><script async src=\"https:\/\/platform.twitter.com\/widgets.js\" charset=\"utf-8\"><\/script><\/p>\n<blockquote class=\"twitter-tweet\">\n<p dir=\"ltr\" lang=\"pt\">O medicamento proibido, segundo a CIPE, sem justificativa plaus\u00edvel, foi a Bleomicina. Pretendo oficiar formalmente, para obter maiores informa\u00e7\u00f5es sobre a situa\u00e7\u00e3o. Mas, diante do que entendo ser uma urg\u00eancia, pe\u00e7o \u00e0 Anvisa e ao Minist\u00e9rio da Sa\u00fade que olhem por essas crian\u00e7as<\/p>\n<p>\u2014 Janaina Paschoal (@JanainaDoBrasil) <a href=\"https:\/\/twitter.com\/JanainaDoBrasil\/status\/1175534205641646080?ref_src=twsrc%5Etfw\">September 21, 2019<\/a><\/p><\/blockquote>\n<p><script async src=\"https:\/\/platform.twitter.com\/widgets.js\" charset=\"utf-8\"><\/script><\/p>\n<blockquote class=\"twitter-tweet\">\n<p dir=\"ltr\" lang=\"pt\">N\u00e3o \u00e9 poss\u00edvel que nossas crian\u00e7as sigam sofrendo por causa da burocracia! Eu pe\u00e7o ao Ministro da Sa\u00fade que veja o que est\u00e1 ocorrendo na Anvisa. Fiquei muito preocupada ao ouvir as m\u00e9dicas. <a href=\"https:\/\/t.co\/yfzQB9UiNo\">pic.twitter.com\/yfzQB9UiNo<\/a><\/p>\n<p>\u2014 Janaina Paschoal (@JanainaDoBrasil) <a href=\"https:\/\/twitter.com\/JanainaDoBrasil\/status\/1175534215980617737?ref_src=twsrc%5Etfw\">September 21, 2019<\/a><\/p><\/blockquote>\n<p><script async src=\"https:\/\/platform.twitter.com\/widgets.js\" charset=\"utf-8\"><\/script><\/p>\n<p>&nbsp;<\/p>\n<p style=\"text-align: center;\"><iframe loading=\"lazy\" src=\"https:\/\/www.youtube.com\/embed\/QkYr5020e5I\" width=\"560\" height=\"315\" frameborder=\"0\" allowfullscreen=\"allowfullscreen\"><\/iframe><\/p>\n","protected":false},"excerpt":{"rendered":"<p>A diretoria da CIPE esteve reunida nesta sexta-feira, dia 20, na Assembleia Legislativa de S\u00e3o Paulo (ALESP) com a deputada estadual Jana\u00edna Paschoal (PSL). Participaram do<span class=\"excerpt-hellip\"> [\u2026]<\/span><\/p>\n","protected":false},"author":1,"featured_media":10414,"comment_status":"closed","ping_status":"open","sticky":false,"template":"","format":"standard","meta":{"footnotes":""},"categories":[76],"tags":[],"_links":{"self":[{"href":"https:\/\/cipe.org.br\/novo\/wp-json\/wp\/v2\/posts\/10411"}],"collection":[{"href":"https:\/\/cipe.org.br\/novo\/wp-json\/wp\/v2\/posts"}],"about":[{"href":"https:\/\/cipe.org.br\/novo\/wp-json\/wp\/v2\/types\/post"}],"author":[{"embeddable":true,"href":"https:\/\/cipe.org.br\/novo\/wp-json\/wp\/v2\/users\/1"}],"replies":[{"embeddable":true,"href":"https:\/\/cipe.org.br\/novo\/wp-json\/wp\/v2\/comments?post=10411"}],"version-history":[{"count":11,"href":"https:\/\/cipe.org.br\/novo\/wp-json\/wp\/v2\/posts\/10411\/revisions"}],"predecessor-version":[{"id":10451,"href":"https:\/\/cipe.org.br\/novo\/wp-json\/wp\/v2\/posts\/10411\/revisions\/10451"}],"wp:featuredmedia":[{"embeddable":true,"href":"https:\/\/cipe.org.br\/novo\/wp-json\/wp\/v2\/media\/10414"}],"wp:attachment":[{"href":"https:\/\/cipe.org.br\/novo\/wp-json\/wp\/v2\/media?parent=10411"}],"wp:term":[{"taxonomy":"category","embeddable":true,"href":"https:\/\/cipe.org.br\/novo\/wp-json\/wp\/v2\/categories?post=10411"},{"taxonomy":"post_tag","embeddable":true,"href":"https:\/\/cipe.org.br\/novo\/wp-json\/wp\/v2\/tags?post=10411"}],"curies":[{"name":"wp","href":"https:\/\/api.w.org\/{rel}","templated":true}]}}